{"id":1372,"date":"2025-04-10T20:05:37","date_gmt":"2025-04-10T23:05:37","guid":{"rendered":"https:\/\/sinasefesertaope.com\/site\/?p=1372"},"modified":"2025-04-10T20:05:37","modified_gmt":"2025-04-10T23:05:37","slug":"nota-de-solidariedade-ao-mst-e-repudio-a-incitacao-de-odio-contra-o-mst-e-em-defesa-da-luta-pela-terra","status":"publish","type":"post","link":"https:\/\/sinasefesertaope.com\/site\/nota-de-solidariedade-ao-mst-e-repudio-a-incitacao-de-odio-contra-o-mst-e-em-defesa-da-luta-pela-terra\/","title":{"rendered":"Nota de solidariedade ao MST e rep\u00fadio \u00e0 incita\u00e7\u00e3o de \u00f3dio contra o MST e em defesa da luta pela terra"},"content":{"rendered":"\n<p>A Se\u00e7\u00e3o SINASEFE IFSert\u00e3oPE manifesta total solidariedade \u00e0s companheiras e companheiros do Movimento dos Trabalhadores Rurais Sem Terra (MST), que v\u00eam sendo alvo de ataques pol\u00edticos e morais por parte do vereador bolsonarista Diego Serra (PL), da cidade de Petrolina (PE).<\/p>\n\n\n\n<p>Durante a ocupa\u00e7\u00e3o da Fazenda Copa Fruit, realizada dentro da jornada nacional de lutas do Abril Vermelho, o vereador protagonizou um lament\u00e1vel epis\u00f3dio de viol\u00eancia verbal e incita\u00e7\u00e3o ao \u00f3dio.<\/p>\n\n\n\n<p>Ao se dirigir de forma agressiva aos trabalhadores e trabalhadoras que lutam pelo direito \u00e0 terra e \u00e0 dignidade, utilizando termos como \u201cvagabundos\u201d e \u201cterroristas\u201d, Diego Serra n\u00e3o apenas demonstra despreparo para o debate p\u00fablico, mas tamb\u00e9m atua na tentativa de criminalizar os movimentos sociais e deslegitimar a hist\u00f3rica luta pela reforma agr\u00e1ria no Brasil.<\/p>\n\n\n\n<p>Mais grave ainda, o parlamentar incitou fazendeiros a reagirem \u00e0 a\u00e7\u00e3o do MST, o que pode ser interpretado como incentivo \u00e0 viol\u00eancia contra os trabalhadores do campo \u2014 uma postura irrespons\u00e1vel e perigosa, incompat\u00edvel com o exerc\u00edcio de qualquer cargo p\u00fablico comprometido com a democracia e os direitos humanos.<\/p>\n\n\n\n<p>Reafirmamos nosso apoio \u00e0 luta leg\u00edtima do MST, reconhecendo sua import\u00e2ncia na promo\u00e7\u00e3o da justi\u00e7a social, no combate \u00e0 fome e na constru\u00e7\u00e3o de um modelo de produ\u00e7\u00e3o agr\u00edcola voltado \u00e0 soberania alimentar e ao bem comum.<\/p>\n\n\n\n<p>A hist\u00f3ria do MST \u00e9 marcada por conquistas sociais e resist\u00eancia, sendo refer\u00eancia nacional e internacional na defesa dos povos do campo.<\/p>\n\n\n\n<p>Repudiamos veementemente qualquer tentativa de intimida\u00e7\u00e3o ou criminaliza\u00e7\u00e3o dos movimentos populares e exigimos respeito \u00e0 organiza\u00e7\u00e3o popular e \u00e0s pautas hist\u00f3ricas dos trabalhadores rurais.<\/p>\n\n\n\n<p><strong>T<\/strong><strong>er<\/strong><strong>ra,<\/strong><strong> trabalh<\/strong><strong>o<\/strong><strong>, ju<\/strong><strong>sti\u00e7<\/strong><strong>a<\/strong><strong> e <\/strong><strong>di<\/strong><strong>g<\/strong><strong>n<\/strong><strong>id<\/strong><strong>a<\/strong><strong>de<\/strong><\/p>\n\n\n\n<p><strong>n<\/strong><strong>\u00e3o <\/strong><strong>s\u00e3o<\/strong><strong> <\/strong><strong>c<\/strong><strong>r<\/strong><strong>i<\/strong><strong>mes.<\/strong><strong> S\u00e3<\/strong><strong>o<\/strong><strong> d<\/strong><strong>i<\/strong><strong>re<\/strong><strong>it<\/strong><strong>o<\/strong><strong>s.<\/strong><\/p>\n\n\n\n<p class=\"has-vivid-red-color has-text-color has-link-color wp-elements-8ce611e989de3196a2deff9c3c765f6c\"><strong>SINASEFE IFSert\u00e3oPE<\/strong><br><em>Se\u00e7\u00e3o Sindical do Sindicato Nacional dos Servidores Federais da Educa\u00e7\u00e3o B\u00e1sica, Profissional e Tecnol\u00f3gica<\/em><\/p>\n\n\n\n<p class=\"has-text-align-right\">Petrolina-PE, 10 de abril de 2025.<\/p>\n","protected":false},"excerpt":{"rendered":"<p>A Se\u00e7\u00e3o SINASEFE IFSert\u00e3oPE manifesta total solidariedade \u00e0s companheiras e companheiros do Movimento dos Trabalhadores Rurais Sem Terra (MST), que v\u00eam sendo alvo de ataques pol\u00edticos e morais por parte do vereador bolsonarista Diego Serra (PL), da cidade de Petrolina (PE). Durante a ocupa\u00e7\u00e3o da Fazenda Copa Fruit, realizada dentro da jornada nacional de lutas [&hellip;]<\/p>\n","protected":false},"author":2,"featured_media":1373,"comment_status":"open","ping_status":"open","sticky":false,"template":"","format":"standard","meta":{"footnotes":""},"categories":[8],"tags":[],"class_list":["post-1372","post","type-post","status-publish","format-standard","has-post-thumbnail","hentry","category-notas"],"_links":{"self":[{"href":"https:\/\/sinasefesertaope.com\/site\/wp-json\/wp\/v2\/posts\/1372","targetHints":{"allow":["GET"]}}],"collection":[{"href":"https:\/\/sinasefesertaope.com\/site\/wp-json\/wp\/v2\/posts"}],"about":[{"href":"https:\/\/sinasefesertaope.com\/site\/wp-json\/wp\/v2\/types\/post"}],"author":[{"embeddable":true,"href":"https:\/\/sinasefesertaope.com\/site\/wp-json\/wp\/v2\/users\/2"}],"replies":[{"embeddable":true,"href":"https:\/\/sinasefesertaope.com\/site\/wp-json\/wp\/v2\/comments?post=1372"}],"version-history":[{"count":1,"href":"https:\/\/sinasefesertaope.com\/site\/wp-json\/wp\/v2\/posts\/1372\/revisions"}],"predecessor-version":[{"id":1374,"href":"https:\/\/sinasefesertaope.com\/site\/wp-json\/wp\/v2\/posts\/1372\/revisions\/1374"}],"wp:featuredmedia":[{"embeddable":true,"href":"https:\/\/sinasefesertaope.com\/site\/wp-json\/wp\/v2\/media\/1373"}],"wp:attachment":[{"href":"https:\/\/sinasefesertaope.com\/site\/wp-json\/wp\/v2\/media?parent=1372"}],"wp:term":[{"taxonomy":"category","embeddable":true,"href":"https:\/\/sinasefesertaope.com\/site\/wp-json\/wp\/v2\/categories?post=1372"},{"taxonomy":"post_tag","embeddable":true,"href":"https:\/\/sinasefesertaope.com\/site\/wp-json\/wp\/v2\/tags?post=1372"}],"curies":[{"name":"wp","href":"https:\/\/api.w.org\/{rel}","templated":true}]}}