{"id":2286,"date":"2025-07-03T15:00:00","date_gmt":"2025-07-03T18:00:00","guid":{"rendered":"https:\/\/sinasefesertaope.com\/site\/?p=2286"},"modified":"2025-07-02T22:05:30","modified_gmt":"2025-07-03T01:05:30","slug":"sinasefe-ifsertaope-indica-representantes-para-a-cppd-central","status":"publish","type":"post","link":"https:\/\/sinasefesertaope.com\/site\/sinasefe-ifsertaope-indica-representantes-para-a-cppd-central\/","title":{"rendered":"SINASEFE IFSert\u00e3oPE indica representantes para a CPPD Central"},"content":{"rendered":"\n<p>A Se\u00e7\u00e3o Sindical do SINASEFE no Instituto Federal do Sert\u00e3o Pernambucano (IFSert\u00e3oPE) indicou, por meio do Of\u00edcio n\u00ba 31\/2025, os(as) docentes Larissa da Costa Melo e Antonio Rennan Sales para compor, como representantes da entidade sindical, a Comiss\u00e3o Permanente de Pessoal Docente (CPPD) Central.<\/p>\n\n\n\n<p>A comiss\u00e3o ter\u00e1 como responsabilidade elaborar a normativa que regulamentar\u00e1 os processos de progress\u00e3o e promo\u00e7\u00e3o docente no \u00e2mbito do IFSert\u00e3oPE. A cria\u00e7\u00e3o da CPPD Central foi comunicada oficialmente aos servidores e \u00e0s servidoras da institui\u00e7\u00e3o por meio de e-mail institucional enviado no dia 27 de junho de 2025.<\/p>\n\n\n\n<p>Ao formalizar a indica\u00e7\u00e3o, o SINASEFE IFSert\u00e3oPE reafirma seu compromisso com a constru\u00e7\u00e3o coletiva, democr\u00e1tica e participativa das pol\u00edticas institucionais que impactam diretamente a carreira e a valoriza\u00e7\u00e3o do trabalho docente.<\/p>\n\n\n\n<blockquote class=\"wp-block-quote is-layout-flow wp-block-quote-is-layout-flow\">\n<p>\u201cReiteramos nosso compromisso com a constru\u00e7\u00e3o coletiva e democr\u00e1tica das normativas institucionais\u201d, destacou o coordenador-geral da Se\u00e7\u00e3o Sindical, Antonio Marcos da Concei\u00e7\u00e3o Uchoa, no documento enviado \u00e0 Dire\u00e7\u00e3o de Gest\u00e3o de Pessoas do IFSert\u00e3oPE.<\/p>\n<\/blockquote>\n\n\n\n<p>A participa\u00e7\u00e3o da Se\u00e7\u00e3o Sindical na composi\u00e7\u00e3o da CPPD Central \u00e9 mais uma demonstra\u00e7\u00e3o da import\u00e2ncia da presen\u00e7a ativa da representa\u00e7\u00e3o sindical nos espa\u00e7os de delibera\u00e7\u00e3o que afetam a vida funcional dos(as) servidores(as).<\/p>\n\n\n\n<p>A Se\u00e7\u00e3o refor\u00e7a que segue \u00e0 disposi\u00e7\u00e3o da categoria para o di\u00e1logo e atua\u00e7\u00e3o conjunta em defesa dos direitos, da valoriza\u00e7\u00e3o profissional e da qualidade da educa\u00e7\u00e3o p\u00fablica federal.<\/p>\n\n\n\n<div data-wp-interactive=\"core\/file\" class=\"wp-block-file\"><object data-wp-bind--hidden=\"!state.hasPdfPreview\" hidden class=\"wp-block-file__embed\" data=\"https:\/\/sinasefesertaope.com\/site\/wp-content\/uploads\/2025\/07\/Oficio-no-31-2025.pdf\" type=\"application\/pdf\" style=\"width:100%;height:600px\" aria-label=\"Incorporado de Of\u00edcio n\u00ba 31-2025.\"><\/object><a id=\"wp-block-file--media-ebb85597-d336-45af-a97f-aec114e6875e\" href=\"https:\/\/sinasefesertaope.com\/site\/wp-content\/uploads\/2025\/07\/Oficio-no-31-2025.pdf\">Of\u00edcio n\u00ba 31-2025<\/a><a href=\"https:\/\/sinasefesertaope.com\/site\/wp-content\/uploads\/2025\/07\/Oficio-no-31-2025.pdf\" class=\"wp-block-file__button wp-element-button\" download aria-describedby=\"wp-block-file--media-ebb85597-d336-45af-a97f-aec114e6875e\">Baixar<\/a><\/div>\n\n\n\n<p>_<br><em>Ascom<\/em><\/p>\n","protected":false},"excerpt":{"rendered":"<p>A Se\u00e7\u00e3o Sindical do SINASEFE no Instituto Federal do Sert\u00e3o Pernambucano (IFSert\u00e3oPE) indicou, por meio do Of\u00edcio n\u00ba 31\/2025, os(as) docentes Larissa da Costa Melo e Antonio Rennan Sales para compor, como representantes da entidade sindical, a Comiss\u00e3o Permanente de Pessoal Docente (CPPD) Central. A comiss\u00e3o ter\u00e1 como responsabilidade elaborar a normativa que regulamentar\u00e1 os [&hellip;]<\/p>\n","protected":false},"author":2,"featured_media":2287,"comment_status":"open","ping_status":"open","sticky":false,"template":"","format":"standard","meta":{"footnotes":""},"categories":[1],"tags":[63,19],"class_list":["post-2286","post","type-post","status-publish","format-standard","has-post-thumbnail","hentry","category-noticias","tag-cppd","tag-ifsertaope"],"_links":{"self":[{"href":"https:\/\/sinasefesertaope.com\/site\/wp-json\/wp\/v2\/posts\/2286","targetHints":{"allow":["GET"]}}],"collection":[{"href":"https:\/\/sinasefesertaope.com\/site\/wp-json\/wp\/v2\/posts"}],"about":[{"href":"https:\/\/sinasefesertaope.com\/site\/wp-json\/wp\/v2\/types\/post"}],"author":[{"embeddable":true,"href":"https:\/\/sinasefesertaope.com\/site\/wp-json\/wp\/v2\/users\/2"}],"replies":[{"embeddable":true,"href":"https:\/\/sinasefesertaope.com\/site\/wp-json\/wp\/v2\/comments?post=2286"}],"version-history":[{"count":1,"href":"https:\/\/sinasefesertaope.com\/site\/wp-json\/wp\/v2\/posts\/2286\/revisions"}],"predecessor-version":[{"id":2289,"href":"https:\/\/sinasefesertaope.com\/site\/wp-json\/wp\/v2\/posts\/2286\/revisions\/2289"}],"wp:featuredmedia":[{"embeddable":true,"href":"https:\/\/sinasefesertaope.com\/site\/wp-json\/wp\/v2\/media\/2287"}],"wp:attachment":[{"href":"https:\/\/sinasefesertaope.com\/site\/wp-json\/wp\/v2\/media?parent=2286"}],"wp:term":[{"taxonomy":"category","embeddable":true,"href":"https:\/\/sinasefesertaope.com\/site\/wp-json\/wp\/v2\/categories?post=2286"},{"taxonomy":"post_tag","embeddable":true,"href":"https:\/\/sinasefesertaope.com\/site\/wp-json\/wp\/v2\/tags?post=2286"}],"curies":[{"name":"wp","href":"https:\/\/api.w.org\/{rel}","templated":true}]}}