{"id":2425,"date":"2025-10-23T18:32:24","date_gmt":"2025-10-23T21:32:24","guid":{"rendered":"https:\/\/sinasefesertaope.com\/site\/?p=2425"},"modified":"2025-10-23T18:39:05","modified_gmt":"2025-10-23T21:39:05","slug":"pelo-respeito-pela-diversidade-e-pela-protecao-ao-trabalho-de-servidores-e-servidoras-do-ifsertaope","status":"publish","type":"post","link":"https:\/\/sinasefesertaope.com\/site\/pelo-respeito-pela-diversidade-e-pela-protecao-ao-trabalho-de-servidores-e-servidoras-do-ifsertaope\/","title":{"rendered":"Pelo respeito, pela diversidade e pela prote\u00e7\u00e3o ao trabalho de servidores e servidoras do IFSert\u00e3oPE"},"content":{"rendered":"\n<p>O SINASEFE IFSert\u00e3oPE vem a p\u00fablico manifestar sua preocupa\u00e7\u00e3o diante da situa\u00e7\u00e3o ocorrida ap\u00f3s a realiza\u00e7\u00e3o do II Encontro Diversidade e Inclus\u00e3o, promovido no Campus Santa Maria da Boa Vista, no dia 18 de setembro de 2025.<\/p>\n\n\n\n<p>O evento, de car\u00e1ter formativo e humanizador, teve como prop\u00f3sito fomentar o di\u00e1logo sobre diversidade, sa\u00fade mental, enfrentamento \u00e0 viol\u00eancia de g\u00eanero e constru\u00e7\u00e3o de ambientes escolares mais acolhedores e inclusivos. A iniciativa foi marcada pelo compromisso com os valores que regem a educa\u00e7\u00e3o p\u00fablica: o respeito \u00e0 diferen\u00e7a, \u00e0 dignidade humana e aos direitos fundamentais de todas as pessoas.<\/p>\n\n\n\n<p>No entanto, ap\u00f3s sua realiza\u00e7\u00e3o, a servidora respons\u00e1vel pela organiza\u00e7\u00e3o do evento foi alvo de mensagens com teor de cr\u00edtica e amea\u00e7a, em decorr\u00eancia de interpreta\u00e7\u00f5es equivocadas e de tentativas de politiza\u00e7\u00e3o indevida de uma atividade institucional que se pauta em princ\u00edpios legais e \u00e9ticos.<\/p>\n\n\n\n<p>O SINASEFE IFSert\u00e3oPE reafirma seu apoio integral \u00e0 servidora, que agiu no estrito cumprimento de suas fun\u00e7\u00f5es e em conson\u00e2ncia com os objetivos educacionais e sociais do Instituto. Reiteramos que nenhum servidor ou servidora deve ser alvo de intimida\u00e7\u00e3o, constrangimento ou ataques de natureza pol\u00edtica, moral ou ideol\u00f3gica em raz\u00e3o do exerc\u00edcio de suas atribui\u00e7\u00f5es.<\/p>\n\n\n\n<p>Defendemos o Estado laico, a liberdade de pensamento e a autonomia das institui\u00e7\u00f5es p\u00fablicas de ensino. Repudiamos toda e qualquer forma de intoler\u00e2ncia, discrimina\u00e7\u00e3o ou tentativa de cercear o debate sobre diversidade e direitos humanos no ambiente escolar.<\/p>\n\n\n\n<p>Ressaltamos, ainda, que a legisla\u00e7\u00e3o brasileira n\u00e3o \u00e9 omissa quanto \u00e0 prote\u00e7\u00e3o de servidores e servidoras p\u00fablicas frente a amea\u00e7as e persegui\u00e7\u00f5es, e que a institui\u00e7\u00e3o n\u00e3o pode ser omissa diante de tais situa\u00e7\u00f5es. Esperamos, portanto, que a dire\u00e7\u00e3o do campus se posicione de forma clara e p\u00fablica em defesa da servidora e dos valores de inclus\u00e3o, respeito e diversidade que fundamentam a miss\u00e3o do IFSert\u00e3oPE.<\/p>\n\n\n\n<p>O SINASEFE IFSert\u00e3oPE seguir\u00e1 atuando com firmeza na defesa de seus filiados e filiadas, da comunidade LGBTQIAPN+, e de uma sociedade pautada pela justi\u00e7a social, pelo acolhimento e pela liberdade.<\/p>\n\n\n\n<p><strong><em>SINASEFE \u2013 Se\u00e7\u00e3o Sindical IFSert\u00e3oPE<\/em><\/strong><strong><em><br><\/em><\/strong><em>Petrolina\/PE, 23 de outubro de 2025<\/em><\/p>\n\n\n\n<div data-wp-interactive=\"core\/file\" class=\"wp-block-file\"><object data-wp-bind--hidden=\"!state.hasPdfPreview\" hidden class=\"wp-block-file__embed\" data=\"https:\/\/sinasefesertaope.com\/site\/wp-content\/uploads\/2025\/10\/Nota-publica-Sinasefe-IFSErtaoPE-23_10_2025.pdf\" type=\"application\/pdf\" style=\"width:100%;height:600px\" aria-label=\"Incorporado de Nota p\u00fablica - Sinasefe IFSErt\u00e3oPE - 23_10_2025.\"><\/object><a id=\"wp-block-file--media-94d26e4d-058f-4a59-8b03-2c6079288fe0\" href=\"https:\/\/sinasefesertaope.com\/site\/wp-content\/uploads\/2025\/10\/Nota-publica-Sinasefe-IFSErtaoPE-23_10_2025.pdf\">Nota p\u00fablica &#8211; Sinasefe IFSErt\u00e3oPE &#8211; 23_10_2025<\/a><a href=\"https:\/\/sinasefesertaope.com\/site\/wp-content\/uploads\/2025\/10\/Nota-publica-Sinasefe-IFSErtaoPE-23_10_2025.pdf\" class=\"wp-block-file__button wp-element-button\" download aria-describedby=\"wp-block-file--media-94d26e4d-058f-4a59-8b03-2c6079288fe0\">Baixar<\/a><\/div>\n","protected":false},"excerpt":{"rendered":"<p>O SINASEFE IFSert\u00e3oPE vem a p\u00fablico manifestar sua preocupa\u00e7\u00e3o diante da situa\u00e7\u00e3o ocorrida ap\u00f3s a realiza\u00e7\u00e3o do II Encontro Diversidade e Inclus\u00e3o, promovido no Campus Santa Maria da Boa Vista, no dia 18 de setembro de 2025. O evento, de car\u00e1ter formativo e humanizador, teve como prop\u00f3sito fomentar o di\u00e1logo sobre diversidade, sa\u00fade mental, enfrentamento [&hellip;]<\/p>\n","protected":false},"author":2,"featured_media":2426,"comment_status":"open","ping_status":"open","sticky":false,"template":"","format":"standard","meta":{"footnotes":""},"categories":[8,1],"tags":[19,22],"class_list":["post-2425","post","type-post","status-publish","format-standard","has-post-thumbnail","hentry","category-notas","category-noticias","tag-ifsertaope","tag-sinasefe-ifsertaope"],"_links":{"self":[{"href":"https:\/\/sinasefesertaope.com\/site\/wp-json\/wp\/v2\/posts\/2425","targetHints":{"allow":["GET"]}}],"collection":[{"href":"https:\/\/sinasefesertaope.com\/site\/wp-json\/wp\/v2\/posts"}],"about":[{"href":"https:\/\/sinasefesertaope.com\/site\/wp-json\/wp\/v2\/types\/post"}],"author":[{"embeddable":true,"href":"https:\/\/sinasefesertaope.com\/site\/wp-json\/wp\/v2\/users\/2"}],"replies":[{"embeddable":true,"href":"https:\/\/sinasefesertaope.com\/site\/wp-json\/wp\/v2\/comments?post=2425"}],"version-history":[{"count":3,"href":"https:\/\/sinasefesertaope.com\/site\/wp-json\/wp\/v2\/posts\/2425\/revisions"}],"predecessor-version":[{"id":2431,"href":"https:\/\/sinasefesertaope.com\/site\/wp-json\/wp\/v2\/posts\/2425\/revisions\/2431"}],"wp:featuredmedia":[{"embeddable":true,"href":"https:\/\/sinasefesertaope.com\/site\/wp-json\/wp\/v2\/media\/2426"}],"wp:attachment":[{"href":"https:\/\/sinasefesertaope.com\/site\/wp-json\/wp\/v2\/media?parent=2425"}],"wp:term":[{"taxonomy":"category","embeddable":true,"href":"https:\/\/sinasefesertaope.com\/site\/wp-json\/wp\/v2\/categories?post=2425"},{"taxonomy":"post_tag","embeddable":true,"href":"https:\/\/sinasefesertaope.com\/site\/wp-json\/wp\/v2\/tags?post=2425"}],"curies":[{"name":"wp","href":"https:\/\/api.w.org\/{rel}","templated":true}]}}