{"id":2432,"date":"2025-10-24T09:00:00","date_gmt":"2025-10-24T12:00:00","guid":{"rendered":"https:\/\/sinasefesertaope.com\/site\/?p=2432"},"modified":"2025-10-23T23:03:05","modified_gmt":"2025-10-24T02:03:05","slug":"posicionamento-do-sinasefe-ifsertaope-em-relacao-a-casos-de-perseguicao-a-servidores-as-em-licenca-medica","status":"publish","type":"post","link":"https:\/\/sinasefesertaope.com\/site\/posicionamento-do-sinasefe-ifsertaope-em-relacao-a-casos-de-perseguicao-a-servidores-as-em-licenca-medica\/","title":{"rendered":"Posicionamento do SINASEFE IFSert\u00e3oPE em rela\u00e7\u00e3o a casos de persegui\u00e7\u00e3o a servidores\/as em licen\u00e7a m\u00e9dica"},"content":{"rendered":"\n<p>O SINASEFE IFSert\u00e3oPE manifesta sua profunda preocupa\u00e7\u00e3o e rep\u00fadio diante de relatos de servidores e servidoras que, durante o per\u00edodo de licen\u00e7a m\u00e9dica, t\u00eam sido alvo de den\u00fancias infundadas registradas na ouvidoria da institui\u00e7\u00e3o. Esses relatos, trazidos \u00e0 tona em assembleia realizada no dia 15 de outubro de 2025, apontam para pr\u00e1ticas que configuram persegui\u00e7\u00e3o, como o monitoramento indevido de atividades em redes sociais e questionamentos inadequados sobre a participa\u00e7\u00e3o em eventos sindicais.<\/p>\n\n\n\n<p>Durante a referida assembleia, uma servidora relatou abertamente ter sido alvo de den\u00fancia na ouvidoria, com a abertura de uma investiga\u00e7\u00e3o preliminar por sua participa\u00e7\u00e3o em atividades sindicais enquanto estava em licen\u00e7a m\u00e9dica. O sindicato reafirma sua solidariedade \u00e0 servidora e a todos os trabalhadores e trabalhadoras que enfrentam situa\u00e7\u00f5es semelhantes, destacando que a licen\u00e7a m\u00e9dica n\u00e3o implica isolamento social ou proibi\u00e7\u00e3o de participa\u00e7\u00e3o em espa\u00e7os coletivos de luta, acolhimento e solidariedade, como os promovidos pelo sindicato.<\/p>\n\n\n\n<p>O SINASEFE IFSert\u00e3oPE refor\u00e7a que o sindicato \u00e9 um espa\u00e7o leg\u00edtimo de apoio \u00e0 categoria, especialmente para aqueles e aquelas que enfrentam adoecimentos, muitos deles decorrentes de press\u00f5es, persegui\u00e7\u00f5es e ambientes de trabalho hostis. A participa\u00e7\u00e3o em atividades sindicais, como assembleias, encontros e plen\u00e1rias, \u00e9 um direito inalien\u00e1vel e n\u00e3o pode ser confundida com o exerc\u00edcio de atividades laborativas. Criminalizar ou questionar a presen\u00e7a de servidores em licen\u00e7a m\u00e9dica nesses espa\u00e7os \u00e9 uma tentativa de cercear a organiza\u00e7\u00e3o sindical e desrespeitar a dignidade dos trabalhadores e trabalhadoras.<\/p>\n\n\n\n<p>Consideramos extremamente grave que den\u00fancias dessa natureza sejam acolhidas pela ouvidoria da institui\u00e7\u00e3o e resultem na abertura de investiga\u00e7\u00f5es preliminares, que, por si s\u00f3, j\u00e1 representam um constrangimento aos\/as servidores\/as. Tais pr\u00e1ticas revelam um desvio na utiliza\u00e7\u00e3o de instrumentos institucionais, que deveriam ser empregados para apurar quest\u00f5es s\u00e9rias, como casos de ass\u00e9dio ou outras viola\u00e7\u00f5es de direitos, e n\u00e3o para perseguir trabalhadores que buscam acolhimento e apoio.<\/p>\n\n\n\n<p>O SINASEFE IFSert\u00e3oPE repudia veementemente qualquer forma de persegui\u00e7\u00e3o ou tentativa de criminalizar a a\u00e7\u00e3o sindical. Estamos acompanhando de perto o caso relatado e, caso situa\u00e7\u00f5es semelhantes persistam, tomaremos todas as medidas institucionais e jur\u00eddicas cab\u00edveis para garantir a prote\u00e7\u00e3o dos direitos e da dignidade dos servidores e servidoras. Nosso compromisso \u00e9 com a defesa intransigente da categoria, do direito \u00e0 organiza\u00e7\u00e3o sindical e de rela\u00e7\u00f5es de trabalho pautadas pelo respeito, pela solidariedade e pelo cuidado coletivo.<\/p>\n\n\n\n<p>SINASEFE IFSert\u00e3oPE em defesa da categoria, da democracia e do cuidado coletivo.<\/p>\n\n\n\n<p><strong><em>SINASEFE \u2013 Se\u00e7\u00e3o Sindical IFSert\u00e3oPE<br><\/em><\/strong><em>Petrolina\/PE, 23 de outubro de 2025<\/em><\/p>\n\n\n\n<div data-wp-interactive=\"core\/file\" class=\"wp-block-file\"><object data-wp-bind--hidden=\"!state.hasPdfPreview\" hidden class=\"wp-block-file__embed\" data=\"https:\/\/sinasefesertaope.com\/site\/wp-content\/uploads\/2025\/10\/Nota-publica-Sinasefe-IFSErtaoPE-24_10_2025-Documentos-Google-1.pdf\" type=\"application\/pdf\" style=\"width:100%;height:600px\" aria-label=\"Incorporado de Nota p\u00fablica - Sinasefe IFSErt\u00e3oPE - 24_10_2025 - Documentos Google.\"><\/object><a id=\"wp-block-file--media-53251e81-ef61-4bca-9e6d-d087f83c8132\" href=\"https:\/\/sinasefesertaope.com\/site\/wp-content\/uploads\/2025\/10\/Nota-publica-Sinasefe-IFSErtaoPE-24_10_2025-Documentos-Google-1.pdf\">Nota p\u00fablica &#8211; Sinasefe IFSErt\u00e3oPE &#8211; 24_10_2025 &#8211; Documentos Google<\/a><a href=\"https:\/\/sinasefesertaope.com\/site\/wp-content\/uploads\/2025\/10\/Nota-publica-Sinasefe-IFSErtaoPE-24_10_2025-Documentos-Google-1.pdf\" class=\"wp-block-file__button wp-element-button\" download aria-describedby=\"wp-block-file--media-53251e81-ef61-4bca-9e6d-d087f83c8132\">Baixar<\/a><\/div>\n","protected":false},"excerpt":{"rendered":"<p>O SINASEFE IFSert\u00e3oPE manifesta sua profunda preocupa\u00e7\u00e3o e rep\u00fadio diante de relatos de servidores e servidoras que, durante o per\u00edodo de licen\u00e7a m\u00e9dica, t\u00eam sido alvo de den\u00fancias infundadas registradas na ouvidoria da institui\u00e7\u00e3o. Esses relatos, trazidos \u00e0 tona em assembleia realizada no dia 15 de outubro de 2025, apontam para pr\u00e1ticas que configuram persegui\u00e7\u00e3o, [&hellip;]<\/p>\n","protected":false},"author":2,"featured_media":2433,"comment_status":"open","ping_status":"open","sticky":false,"template":"","format":"standard","meta":{"footnotes":""},"categories":[8,1],"tags":[24,19,22,16],"class_list":["post-2432","post","type-post","status-publish","format-standard","has-post-thumbnail","hentry","category-notas","category-noticias","tag-assessoria-juridica","tag-ifsertaope","tag-sinasefe-ifsertaope","tag-sinasefe-nacional"],"_links":{"self":[{"href":"https:\/\/sinasefesertaope.com\/site\/wp-json\/wp\/v2\/posts\/2432","targetHints":{"allow":["GET"]}}],"collection":[{"href":"https:\/\/sinasefesertaope.com\/site\/wp-json\/wp\/v2\/posts"}],"about":[{"href":"https:\/\/sinasefesertaope.com\/site\/wp-json\/wp\/v2\/types\/post"}],"author":[{"embeddable":true,"href":"https:\/\/sinasefesertaope.com\/site\/wp-json\/wp\/v2\/users\/2"}],"replies":[{"embeddable":true,"href":"https:\/\/sinasefesertaope.com\/site\/wp-json\/wp\/v2\/comments?post=2432"}],"version-history":[{"count":2,"href":"https:\/\/sinasefesertaope.com\/site\/wp-json\/wp\/v2\/posts\/2432\/revisions"}],"predecessor-version":[{"id":2437,"href":"https:\/\/sinasefesertaope.com\/site\/wp-json\/wp\/v2\/posts\/2432\/revisions\/2437"}],"wp:featuredmedia":[{"embeddable":true,"href":"https:\/\/sinasefesertaope.com\/site\/wp-json\/wp\/v2\/media\/2433"}],"wp:attachment":[{"href":"https:\/\/sinasefesertaope.com\/site\/wp-json\/wp\/v2\/media?parent=2432"}],"wp:term":[{"taxonomy":"category","embeddable":true,"href":"https:\/\/sinasefesertaope.com\/site\/wp-json\/wp\/v2\/categories?post=2432"},{"taxonomy":"post_tag","embeddable":true,"href":"https:\/\/sinasefesertaope.com\/site\/wp-json\/wp\/v2\/tags?post=2432"}],"curies":[{"name":"wp","href":"https:\/\/api.w.org\/{rel}","templated":true}]}}