{"id":2694,"date":"2026-04-22T17:12:32","date_gmt":"2026-04-22T20:12:32","guid":{"rendered":"https:\/\/sinasefesertaope.com\/site\/?p=2694"},"modified":"2026-04-22T17:15:37","modified_gmt":"2026-04-22T20:15:37","slug":"secao-ifsertaope-participa-da-agenda-de-lutas-em-brasilia-pelo-cumprimento-dos-acordos-de-greve-e-da-208a-plena-do-sinasefe","status":"publish","type":"post","link":"https:\/\/sinasefesertaope.com\/site\/secao-ifsertaope-participa-da-agenda-de-lutas-em-brasilia-pelo-cumprimento-dos-acordos-de-greve-e-da-208a-plena-do-sinasefe\/","title":{"rendered":"Se\u00e7\u00e3o IFSert\u00e3oPE participa da agenda de lutas em Bras\u00edlia pelo cumprimento dos acordos de greve e da 208\u00aa PLENA do SINASEFE"},"content":{"rendered":"\n<p>A Se\u00e7\u00e3o Sindical do SINASEFE IFSert\u00e3oPE esteve presente na agenda nacional de mobiliza\u00e7\u00f5es convocada pelo Sindicato Nacional, realizada entre os dias 15 e 19 de abril, em Bras\u00edlia (DF).<\/p>\n\n\n\n<p>Representaram a se\u00e7\u00e3o a servidora Larissa Melo, docente do IFSert\u00e3oPE e diretora de Pol\u00edtica e Forma\u00e7\u00e3o Sindical; o servidor Jos\u00e9 Aldo, suplente da mesma diretoria; al\u00e9m de Antonildo Pereira, servidor do IFSert\u00e3oPE e integrante da Dire\u00e7\u00e3o Nacional do SINASEFE, na condi\u00e7\u00e3o de coordenador-geral do sindicato.<\/p>\n\n\n\n<figure class=\"wp-block-gallery has-nested-images columns-default is-cropped wp-block-gallery-1 is-layout-flex wp-block-gallery-is-layout-flex\">\n<figure class=\"wp-block-image size-large\"><img fetchpriority=\"high\" decoding=\"async\" width=\"1024\" height=\"682\" data-id=\"2696\" src=\"https:\/\/sinasefesertaope.com\/site\/wp-content\/uploads\/2026\/04\/agenda-de-lutas-bsb-abr-26-2-1024x682.png\" alt=\"\" class=\"wp-image-2696\" srcset=\"https:\/\/sinasefesertaope.com\/site\/wp-content\/uploads\/2026\/04\/agenda-de-lutas-bsb-abr-26-2-1024x682.png 1024w, https:\/\/sinasefesertaope.com\/site\/wp-content\/uploads\/2026\/04\/agenda-de-lutas-bsb-abr-26-2-300x200.png 300w, https:\/\/sinasefesertaope.com\/site\/wp-content\/uploads\/2026\/04\/agenda-de-lutas-bsb-abr-26-2-768x512.png 768w, https:\/\/sinasefesertaope.com\/site\/wp-content\/uploads\/2026\/04\/agenda-de-lutas-bsb-abr-26-2-1536x1023.png 1536w, https:\/\/sinasefesertaope.com\/site\/wp-content\/uploads\/2026\/04\/agenda-de-lutas-bsb-abr-26-2.png 1600w\" sizes=\"(max-width: 1024px) 100vw, 1024px\" \/><\/figure>\n\n\n\n<figure class=\"wp-block-image size-large\"><img decoding=\"async\" width=\"1024\" height=\"683\" data-id=\"2698\" src=\"https:\/\/sinasefesertaope.com\/site\/wp-content\/uploads\/2026\/04\/agenda-de-lutas-bsb-abr-26-3-1024x683.png\" alt=\"\" class=\"wp-image-2698\" srcset=\"https:\/\/sinasefesertaope.com\/site\/wp-content\/uploads\/2026\/04\/agenda-de-lutas-bsb-abr-26-3-1024x683.png 1024w, https:\/\/sinasefesertaope.com\/site\/wp-content\/uploads\/2026\/04\/agenda-de-lutas-bsb-abr-26-3-300x200.png 300w, https:\/\/sinasefesertaope.com\/site\/wp-content\/uploads\/2026\/04\/agenda-de-lutas-bsb-abr-26-3-768x512.png 768w, https:\/\/sinasefesertaope.com\/site\/wp-content\/uploads\/2026\/04\/agenda-de-lutas-bsb-abr-26-3-1536x1024.png 1536w, https:\/\/sinasefesertaope.com\/site\/wp-content\/uploads\/2026\/04\/agenda-de-lutas-bsb-abr-26-3.png 1800w\" sizes=\"(max-width: 1024px) 100vw, 1024px\" \/><\/figure>\n\n\n\n<figure class=\"wp-block-image size-large\"><img decoding=\"async\" width=\"1024\" height=\"683\" data-id=\"2697\" src=\"https:\/\/sinasefesertaope.com\/site\/wp-content\/uploads\/2026\/04\/agenda-de-lutas-bsb-abr-26-1-1024x683.png\" alt=\"\" class=\"wp-image-2697\" srcset=\"https:\/\/sinasefesertaope.com\/site\/wp-content\/uploads\/2026\/04\/agenda-de-lutas-bsb-abr-26-1-1024x683.png 1024w, https:\/\/sinasefesertaope.com\/site\/wp-content\/uploads\/2026\/04\/agenda-de-lutas-bsb-abr-26-1-300x200.png 300w, https:\/\/sinasefesertaope.com\/site\/wp-content\/uploads\/2026\/04\/agenda-de-lutas-bsb-abr-26-1-768x512.png 768w, https:\/\/sinasefesertaope.com\/site\/wp-content\/uploads\/2026\/04\/agenda-de-lutas-bsb-abr-26-1-1536x1024.png 1536w, https:\/\/sinasefesertaope.com\/site\/wp-content\/uploads\/2026\/04\/agenda-de-lutas-bsb-abr-26-1.png 1620w\" sizes=\"(max-width: 1024px) 100vw, 1024px\" \/><\/figure>\n<\/figure>\n\n\n\n<p>A programa\u00e7\u00e3o reuniu atividades de mobiliza\u00e7\u00e3o, incid\u00eancia pol\u00edtica e delibera\u00e7\u00e3o interna. No dia 15 de abril, sindicalizadas(os) de diversos estados participaram da Marcha da Classe Trabalhadora, que ocupou a Esplanada dos Minist\u00e9rios com milhares de manifestantes.<\/p>\n\n\n\n<p>A mobiliza\u00e7\u00e3o pautou temas como a redu\u00e7\u00e3o da jornada de trabalho, o combate \u00e0 pejotiza\u00e7\u00e3o, o fortalecimento da agricultura familiar, a valoriza\u00e7\u00e3o do trabalho rural assalariado, al\u00e9m da defesa das negocia\u00e7\u00f5es coletivas e do direito \u00e0 negocia\u00e7\u00e3o no servi\u00e7o p\u00fablico.<\/p>\n\n\n\n<p>J\u00e1 no dia 16 de abril, ocorreu manifesta\u00e7\u00e3o em frente ao Minist\u00e9rio da Gest\u00e3o e da Inova\u00e7\u00e3o em Servi\u00e7os P\u00fablicos (MGI), reunindo representantes do SINASEFE, da Fasubra Sindical e do Andes-SN. O ato refor\u00e7ou a cobran\u00e7a pelo cumprimento integral dos acordos da greve de 2024, cuja implementa\u00e7\u00e3o segue pendente ap\u00f3s 658 dias da assinatura. Entre as pautas destacadas pelo sindicato est\u00e3o a implementa\u00e7\u00e3o das 30 horas para todas(os) as(os) TAEs e o fim do controle de frequ\u00eancia docente.<\/p>\n\n\n\n<p>Entre os dias 17 e 19 de abril, a delega\u00e7\u00e3o acompanhou a realiza\u00e7\u00e3o da 208\u00aa Plen\u00e1ria Nacional do SINASEFE (PLENA), espa\u00e7o de debate e delibera\u00e7\u00e3o pol\u00edtica da categoria, realizado de forma presencial em Bras\u00edlia.<\/p>\n\n\n\n<p>Para acompanhar os debates e encaminhamentos da plen\u00e1ria, acesse o portal do SINASEFE:<\/p>\n\n\n\n<ul class=\"wp-block-list\">\n<li><a href=\"https:\/\/sinasefe.org.br\/site\/208a-plena-resumo-do-1o-dia\/\" data-type=\"link\" data-id=\"https:\/\/sinasefe.org.br\/site\/208a-plena-resumo-do-1o-dia\/\" target=\"_blank\" rel=\"noreferrer noopener\"><strong>208\u00aa PLENA: Resumo do 1\u00ba dia<\/strong><\/a><\/li>\n\n\n\n<li><strong><a href=\"https:\/\/sinasefe.org.br\/site\/208a-plena-resumo-do-2o-dia\/\" data-type=\"link\" data-id=\"https:\/\/sinasefe.org.br\/site\/208a-plena-resumo-do-2o-dia\/\" target=\"_blank\" rel=\"noreferrer noopener\">208\u00aa PLENA: Resumo do 2\u00ba dia<\/a><\/strong><\/li>\n\n\n\n<li><strong><a href=\"https:\/\/sinasefe.org.br\/site\/208a-plena-resumo-do-3o-dia\/\" data-type=\"link\" data-id=\"https:\/\/sinasefe.org.br\/site\/208a-plena-resumo-do-3o-dia\/\" target=\"_blank\" rel=\"noreferrer noopener\">208\u00aa PLENA: Resumo do 3\u00ba dia<\/a><\/strong><\/li>\n<\/ul>\n\n\n\n<div class=\"wp-block-group is-layout-constrained wp-block-group-is-layout-constrained\">\n<figure class=\"wp-block-gallery has-nested-images columns-default is-cropped wp-block-gallery-2 is-layout-flex wp-block-gallery-is-layout-flex\">\n<figure class=\"wp-block-image size-large is-style-default\"><img loading=\"lazy\" decoding=\"async\" width=\"1024\" height=\"768\" data-id=\"2701\" src=\"https:\/\/sinasefesertaope.com\/site\/wp-content\/uploads\/2026\/04\/208a-Plena-3-1024x768.png\" alt=\"\" class=\"wp-image-2701\" srcset=\"https:\/\/sinasefesertaope.com\/site\/wp-content\/uploads\/2026\/04\/208a-Plena-3-1024x768.png 1024w, https:\/\/sinasefesertaope.com\/site\/wp-content\/uploads\/2026\/04\/208a-Plena-3-300x225.png 300w, https:\/\/sinasefesertaope.com\/site\/wp-content\/uploads\/2026\/04\/208a-Plena-3-768x576.png 768w, https:\/\/sinasefesertaope.com\/site\/wp-content\/uploads\/2026\/04\/208a-Plena-3-1536x1152.png 1536w, https:\/\/sinasefesertaope.com\/site\/wp-content\/uploads\/2026\/04\/208a-Plena-3.png 1600w\" sizes=\"(max-width: 1024px) 100vw, 1024px\" \/><\/figure>\n\n\n\n<figure class=\"wp-block-image size-large\"><img loading=\"lazy\" decoding=\"async\" width=\"1024\" height=\"682\" data-id=\"2699\" src=\"https:\/\/sinasefesertaope.com\/site\/wp-content\/uploads\/2026\/04\/208a-Plena-1-1024x682.png\" alt=\"\" class=\"wp-image-2699\" srcset=\"https:\/\/sinasefesertaope.com\/site\/wp-content\/uploads\/2026\/04\/208a-Plena-1-1024x682.png 1024w, https:\/\/sinasefesertaope.com\/site\/wp-content\/uploads\/2026\/04\/208a-Plena-1-300x200.png 300w, https:\/\/sinasefesertaope.com\/site\/wp-content\/uploads\/2026\/04\/208a-Plena-1-768x512.png 768w, https:\/\/sinasefesertaope.com\/site\/wp-content\/uploads\/2026\/04\/208a-Plena-1-1536x1023.png 1536w, https:\/\/sinasefesertaope.com\/site\/wp-content\/uploads\/2026\/04\/208a-Plena-1.png 1600w\" sizes=\"(max-width: 1024px) 100vw, 1024px\" \/><\/figure>\n\n\n\n<figure class=\"wp-block-image size-large is-style-default\"><img loading=\"lazy\" decoding=\"async\" width=\"1024\" height=\"682\" data-id=\"2702\" src=\"https:\/\/sinasefesertaope.com\/site\/wp-content\/uploads\/2026\/04\/plena-208-abr-26-1024x682.jpg\" alt=\"\" class=\"wp-image-2702\" srcset=\"https:\/\/sinasefesertaope.com\/site\/wp-content\/uploads\/2026\/04\/plena-208-abr-26-1024x682.jpg 1024w, https:\/\/sinasefesertaope.com\/site\/wp-content\/uploads\/2026\/04\/plena-208-abr-26-300x200.jpg 300w, https:\/\/sinasefesertaope.com\/site\/wp-content\/uploads\/2026\/04\/plena-208-abr-26-768x512.jpg 768w, https:\/\/sinasefesertaope.com\/site\/wp-content\/uploads\/2026\/04\/plena-208-abr-26-1536x1023.jpg 1536w, https:\/\/sinasefesertaope.com\/site\/wp-content\/uploads\/2026\/04\/plena-208-abr-26.jpg 1600w\" sizes=\"(max-width: 1024px) 100vw, 1024px\" \/><\/figure>\n<\/figure>\n<\/div>\n\n\n\n<div class=\"wp-block-group is-layout-constrained wp-block-group-is-layout-constrained\">\n<figure class=\"wp-block-gallery has-nested-images columns-default is-cropped wp-block-gallery-3 is-layout-flex wp-block-gallery-is-layout-flex\">\n<figure class=\"wp-block-image size-large is-style-default\"><img loading=\"lazy\" decoding=\"async\" width=\"768\" height=\"1024\" data-id=\"2700\" src=\"https:\/\/sinasefesertaope.com\/site\/wp-content\/uploads\/2026\/04\/208a-Plena-2-768x1024.png\" alt=\"\" class=\"wp-image-2700\" srcset=\"https:\/\/sinasefesertaope.com\/site\/wp-content\/uploads\/2026\/04\/208a-Plena-2-768x1024.png 768w, https:\/\/sinasefesertaope.com\/site\/wp-content\/uploads\/2026\/04\/208a-Plena-2-225x300.png 225w, https:\/\/sinasefesertaope.com\/site\/wp-content\/uploads\/2026\/04\/208a-Plena-2-1152x1536.png 1152w, https:\/\/sinasefesertaope.com\/site\/wp-content\/uploads\/2026\/04\/208a-Plena-2.png 1200w\" sizes=\"(max-width: 768px) 100vw, 768px\" \/><\/figure>\n\n\n\n<figure class=\"wp-block-image size-large is-style-default\"><img loading=\"lazy\" decoding=\"async\" width=\"1024\" height=\"682\" data-id=\"2703\" src=\"https:\/\/sinasefesertaope.com\/site\/wp-content\/uploads\/2026\/04\/22-04-2026-semana-da-luta-bsb-1-1024x682.png\" alt=\"\" class=\"wp-image-2703\" srcset=\"https:\/\/sinasefesertaope.com\/site\/wp-content\/uploads\/2026\/04\/22-04-2026-semana-da-luta-bsb-1-1024x682.png 1024w, https:\/\/sinasefesertaope.com\/site\/wp-content\/uploads\/2026\/04\/22-04-2026-semana-da-luta-bsb-1-300x200.png 300w, https:\/\/sinasefesertaope.com\/site\/wp-content\/uploads\/2026\/04\/22-04-2026-semana-da-luta-bsb-1-768x512.png 768w, https:\/\/sinasefesertaope.com\/site\/wp-content\/uploads\/2026\/04\/22-04-2026-semana-da-luta-bsb-1-1536x1023.png 1536w, https:\/\/sinasefesertaope.com\/site\/wp-content\/uploads\/2026\/04\/22-04-2026-semana-da-luta-bsb-1.png 1600w\" sizes=\"(max-width: 1024px) 100vw, 1024px\" \/><\/figure>\n<\/figure>\n<\/div>\n\n\n\n<p>_<br><em>Ascom<\/em><\/p>\n\n\n\n<p><\/p>\n","protected":false},"excerpt":{"rendered":"<p>A Se\u00e7\u00e3o Sindical do SINASEFE IFSert\u00e3oPE esteve presente na agenda nacional de mobiliza\u00e7\u00f5es convocada pelo Sindicato Nacional, realizada entre os dias 15 e 19 de abril, em Bras\u00edlia (DF). Representaram a se\u00e7\u00e3o a servidora Larissa Melo, docente do IFSert\u00e3oPE e diretora de Pol\u00edtica e Forma\u00e7\u00e3o Sindical; o servidor Jos\u00e9 Aldo, suplente da mesma diretoria; al\u00e9m [&hellip;]<\/p>\n","protected":false},"author":2,"featured_media":2695,"comment_status":"open","ping_status":"open","sticky":false,"template":"","format":"standard","meta":{"footnotes":""},"categories":[1],"tags":[23,79,16],"class_list":["post-2694","post","type-post","status-publish","format-standard","has-post-thumbnail","hentry","category-noticias","tag-greve2024","tag-plena","tag-sinasefe-nacional"],"_links":{"self":[{"href":"https:\/\/sinasefesertaope.com\/site\/wp-json\/wp\/v2\/posts\/2694","targetHints":{"allow":["GET"]}}],"collection":[{"href":"https:\/\/sinasefesertaope.com\/site\/wp-json\/wp\/v2\/posts"}],"about":[{"href":"https:\/\/sinasefesertaope.com\/site\/wp-json\/wp\/v2\/types\/post"}],"author":[{"embeddable":true,"href":"https:\/\/sinasefesertaope.com\/site\/wp-json\/wp\/v2\/users\/2"}],"replies":[{"embeddable":true,"href":"https:\/\/sinasefesertaope.com\/site\/wp-json\/wp\/v2\/comments?post=2694"}],"version-history":[{"count":2,"href":"https:\/\/sinasefesertaope.com\/site\/wp-json\/wp\/v2\/posts\/2694\/revisions"}],"predecessor-version":[{"id":2706,"href":"https:\/\/sinasefesertaope.com\/site\/wp-json\/wp\/v2\/posts\/2694\/revisions\/2706"}],"wp:featuredmedia":[{"embeddable":true,"href":"https:\/\/sinasefesertaope.com\/site\/wp-json\/wp\/v2\/media\/2695"}],"wp:attachment":[{"href":"https:\/\/sinasefesertaope.com\/site\/wp-json\/wp\/v2\/media?parent=2694"}],"wp:term":[{"taxonomy":"category","embeddable":true,"href":"https:\/\/sinasefesertaope.com\/site\/wp-json\/wp\/v2\/categories?post=2694"},{"taxonomy":"post_tag","embeddable":true,"href":"https:\/\/sinasefesertaope.com\/site\/wp-json\/wp\/v2\/tags?post=2694"}],"curies":[{"name":"wp","href":"https:\/\/api.w.org\/{rel}","templated":true}]}}