{"id":2728,"date":"2026-04-28T15:12:57","date_gmt":"2026-04-28T18:12:57","guid":{"rendered":"https:\/\/sinasefesertaope.com\/site\/?p=2728"},"modified":"2026-04-30T15:32:39","modified_gmt":"2026-04-30T18:32:39","slug":"sinasefe-ifsertaope-abre-chamada-publica-para-participacao-no-11o-seminario-nacional-de-educacao","status":"publish","type":"post","link":"https:\/\/sinasefesertaope.com\/site\/sinasefe-ifsertaope-abre-chamada-publica-para-participacao-no-11o-seminario-nacional-de-educacao\/","title":{"rendered":"SINASEFE IFSert\u00e3oPE abre chamada p\u00fablica para participa\u00e7\u00e3o no 11\u00ba Semin\u00e1rio Nacional de Educa\u00e7\u00e3o"},"content":{"rendered":"\n<p><em>At\u00e9 cinco vagas ser\u00e3o destinadas \u00e0 base sindical para o evento, que acontece de 29 a 31 de maio, em S\u00e3o Paulo<\/em><\/p>\n\n\n\n<p>O SINASEFE IFSert\u00e3oPE abriu chamada p\u00fablica para pessoas filiadas interessadas em participar do 11\u00ba Semin\u00e1rio Nacional de Educa\u00e7\u00e3o do SINASEFE (11\u00ba SNE), que ser\u00e1 realizado entre os dias 29 e 31 de maio de 2026, na cidade de S\u00e3o Paulo (SP).<\/p>\n\n\n\n<p>Considerado um dos principais espa\u00e7os de forma\u00e7\u00e3o pol\u00edtica e debate do SINASEFE, o semin\u00e1rio re\u00fane trabalhadores e trabalhadoras da Rede Federal de Educa\u00e7\u00e3o Profissional, Cient\u00edfica e Tecnol\u00f3gica de todo o pa\u00eds para discutir os rumos da educa\u00e7\u00e3o p\u00fablica brasileira. O tema desta edi\u00e7\u00e3o \u00e9 <strong><em>\u201cPor uma Educa\u00e7\u00e3o Integral: Inclus\u00e3o, disputas curriculares e financiamento como resist\u00eancia ao projeto neoliberal\u201d<\/em><\/strong>.<\/p>\n\n\n\n<p>O evento ser\u00e1 realizado no audit\u00f3rio da Faculdade de Tecnologia de S\u00e3o Paulo (Fatec), no bairro do Bom Retiro, e ocorre em um contexto de disputas em torno das pol\u00edticas educacionais, marcado por amea\u00e7as ao servi\u00e7o p\u00fablico e pelo avan\u00e7o de propostas que buscam redefinir o papel da educa\u00e7\u00e3o.<\/p>\n\n\n\n<p>De acordo com a organiza\u00e7\u00e3o nacional, o semin\u00e1rio se prop\u00f5e como um espa\u00e7o de forma\u00e7\u00e3o cr\u00edtica, mobiliza\u00e7\u00e3o e articula\u00e7\u00e3o pol\u00edtica, voltado \u00e0 defesa de uma educa\u00e7\u00e3o p\u00fablica, gratuita, democr\u00e1tica e socialmente referenciada.<\/p>\n\n\n\n<p>A programa\u00e7\u00e3o est\u00e1 estruturada em mesas e debates que abordam temas como a conjuntura das pol\u00edticas educacionais e culturais, os desafios do Plano Nacional de Educa\u00e7\u00e3o (PNE), os processos de militariza\u00e7\u00e3o das escolas e suas implica\u00e7\u00f5es para a educa\u00e7\u00e3o profissional, al\u00e9m das rela\u00e7\u00f5es entre educa\u00e7\u00e3o, sindicalismo, inclus\u00e3o e diversidade.<\/p>\n\n\n\n<p>Tamb\u00e9m est\u00e3o previstos debates sobre financiamento da educa\u00e7\u00e3o, assist\u00eancia estudantil e pol\u00edticas culturais, considerados elementos centrais para garantir acesso, perman\u00eancia e forma\u00e7\u00e3o integral dos estudantes.<\/p>\n\n\n\n<p>Outro eixo do encontro \u00e9 a defesa de um projeto educacional voltado para a classe trabalhadora, com destaque para o Ensino M\u00e9dio Integrado (EMI), a Educa\u00e7\u00e3o de Jovens e Adultos (EJA) e as licenciaturas nos Institutos Federais.<\/p>\n\n\n\n<h3 class=\"wp-block-heading\">Chamada p\u00fablica<\/h3>\n\n\n\n<p>Para garantir a participa\u00e7\u00e3o da base, o SINASEFE IFSert\u00e3oPE disponibilizar\u00e1 <strong>at\u00e9 cinco vagas<\/strong> para o semin\u00e1rio, com custeio de inscri\u00e7\u00e3o, hospedagem, deslocamento e di\u00e1rias.<\/p>\n\n\n\n<p>As pessoas interessadas devem se inscrever at\u00e9 <strong>4 de maio de 2026, \u00e0s 23h59<\/strong>, por meio do <strong><a href=\"https:\/\/forms.gle\/rCcEkmKNgU53DuPM8\" data-type=\"link\" data-id=\"https:\/\/forms.gle\/rCcEkmKNgU53DuPM8\" target=\"_blank\" rel=\"noreferrer noopener\">formul\u00e1rio<\/a> <\/strong>da se\u00e7\u00e3o sindical. Ap\u00f3s isso, a ratifica\u00e7\u00e3o das manifesta\u00e7\u00f5es de interese ser\u00e3o feitas na pr\u00f3xima Assembleia Geral \u2013marcada para 6 de maio \u2013 garantindo tamb\u00e9m a paridade de g\u00eanero. <strong>Tamb\u00e9m \u00e9 necess\u00e1rio realizar a pr\u00e9-inscri\u00e7\u00e3o no <a href=\"https:\/\/forms.gle\/3yWDWNEC3A4dof7L8\" data-type=\"link\" data-id=\"https:\/\/forms.gle\/3yWDWNEC3A4dof7L8\" target=\"_blank\" rel=\"noreferrer noopener\">formul\u00e1rio nacional<\/a>.<\/strong><\/p>\n\n\n\n<p>De modo a assegurar transpar\u00eancia, isonomia, valoriza\u00e7\u00e3o da participa\u00e7\u00e3o sindical e democratiza\u00e7\u00e3o do acesso \u00e0s oportunidades ofertadas pela entidade, bem como a rotatividade de participa\u00e7\u00e3o entre as pessoas filiadas, a sele\u00e7\u00e3o seguir\u00e1 os seguintes crit\u00e9rios:<br>I \u2013 Frequ\u00eancia nas \u00faltimas 3 (tr\u00eas) assembleias \u2013 m\u00e1ximo de 30 pontos;<br>II \u2013 Rotatividade entre pessoas filiadas selecionadas \u2013 m\u00e1ximo de 30 pontos;<br>III \u2013 Rela\u00e7\u00e3o entre tempo de filia\u00e7\u00e3o e tempo de exerc\u00edcio no IFSert\u00e3oPE \u2013 m\u00e1ximo de 40 pontos.<\/p>\n\n\n\n<p>Em caso de empate, ser\u00e3o adotados, sucessivamente, os seguintes crit\u00e9rios de desempate:<br>I \u2013 Maior frequ\u00eancia em assembleias;<br>II \u2013 Maior tempo de filia\u00e7\u00e3o;<br>III \u2013 Maior tempo de exerc\u00edcio no IFSert\u00e3oPE;<br>IV \u2013 Maior tempo desde a \u00faltima participa\u00e7\u00e3o em sele\u00e7\u00e3o;<br>V \u2013 Maior idade.<\/p>\n\n\n\n<p>A classifica\u00e7\u00e3o final ser\u00e1 obtida pela soma simples dos pontos atribu\u00eddos a cada crit\u00e9rio. No caso de alguma pessoa filiada selecionada desistir de participar do evento, dever\u00e1 ser obedecida a ordem de classifica\u00e7\u00e3o dos interessados.<\/p>\n\n\n\n<p>A organiza\u00e7\u00e3o e o custeio da hospedagem, da taxa de inscri\u00e7\u00e3o, do deslocamento e do pagamento de di\u00e1rias das participantes s\u00e3o de responsabilidade desta se\u00e7\u00e3o sindical.<\/p>\n\n\n\n<h3 class=\"wp-block-heading\">Organiza\u00e7\u00e3o e mobiliza\u00e7\u00e3o<\/h3>\n\n\n\n<p>O 11\u00ba SNE se configura como um momento de s\u00edntese pol\u00edtica e organiza\u00e7\u00e3o coletiva da categoria, com potencial de produzir encaminhamentos e posicionamentos em defesa da educa\u00e7\u00e3o p\u00fablica.<\/p>\n\n\n\n<p>A atividade tamb\u00e9m contar\u00e1 com o <strong><a href=\"https:\/\/sinasefe.org.br\/sne\/11o-sne-sinasefinho\/\" data-type=\"link\" data-id=\"https:\/\/sinasefe.org.br\/sne\/11o-sne-sinasefinho\/\" target=\"_blank\" rel=\"noreferrer noopener\">Sinasefinho<\/a><\/strong>, espa\u00e7o voltado para crian\u00e7as e adolescentes.<\/p>\n\n\n\n<p>Em um cen\u00e1rio de ataques aos direitos sociais, a participa\u00e7\u00e3o no semin\u00e1rio \u00e9 apontada como estrat\u00e9gica para fortalecer a organiza\u00e7\u00e3o sindical e ampliar a capacidade de an\u00e1lise e interven\u00e7\u00e3o da categoria diante dos desafios colocados para a educa\u00e7\u00e3o p\u00fablica.<\/p>\n\n\n\n<hr class=\"wp-block-separator has-alpha-channel-opacity\"\/>\n\n\n\n<p><\/p>\n\n\n\n<p>Mais informa\u00e7\u00f5es sobre o evento est\u00e3o dispon\u00edveis em: <a href=\"https:\/\/sinasefe.org.br\/sne\/\">https:\/\/sinasefe.org.br\/sne\/<\/a><br>D\u00favidas podem ser encaminhadas para: <a>sinasefe@ifsertao-pe.edu.br<\/a><\/p>\n\n\n\n<p>_<br><em>Ascom<\/em><\/p>\n\n\n\n<p><\/p>\n","protected":false},"excerpt":{"rendered":"<p>At\u00e9 cinco vagas ser\u00e3o destinadas \u00e0 base sindical para o evento, que acontece de 29 a 31 de maio, em S\u00e3o Paulo O SINASEFE IFSert\u00e3oPE abriu chamada p\u00fablica para pessoas filiadas interessadas em participar do 11\u00ba Semin\u00e1rio Nacional de Educa\u00e7\u00e3o do SINASEFE (11\u00ba SNE), que ser\u00e1 realizado entre os dias 29 e 31 de maio [&hellip;]<\/p>\n","protected":false},"author":2,"featured_media":2730,"comment_status":"open","ping_status":"open","sticky":false,"template":"","format":"standard","meta":{"footnotes":""},"categories":[1],"tags":[16],"class_list":["post-2728","post","type-post","status-publish","format-standard","has-post-thumbnail","hentry","category-noticias","tag-sinasefe-nacional"],"_links":{"self":[{"href":"https:\/\/sinasefesertaope.com\/site\/wp-json\/wp\/v2\/posts\/2728","targetHints":{"allow":["GET"]}}],"collection":[{"href":"https:\/\/sinasefesertaope.com\/site\/wp-json\/wp\/v2\/posts"}],"about":[{"href":"https:\/\/sinasefesertaope.com\/site\/wp-json\/wp\/v2\/types\/post"}],"author":[{"embeddable":true,"href":"https:\/\/sinasefesertaope.com\/site\/wp-json\/wp\/v2\/users\/2"}],"replies":[{"embeddable":true,"href":"https:\/\/sinasefesertaope.com\/site\/wp-json\/wp\/v2\/comments?post=2728"}],"version-history":[{"count":3,"href":"https:\/\/sinasefesertaope.com\/site\/wp-json\/wp\/v2\/posts\/2728\/revisions"}],"predecessor-version":[{"id":2732,"href":"https:\/\/sinasefesertaope.com\/site\/wp-json\/wp\/v2\/posts\/2728\/revisions\/2732"}],"wp:featuredmedia":[{"embeddable":true,"href":"https:\/\/sinasefesertaope.com\/site\/wp-json\/wp\/v2\/media\/2730"}],"wp:attachment":[{"href":"https:\/\/sinasefesertaope.com\/site\/wp-json\/wp\/v2\/media?parent=2728"}],"wp:term":[{"taxonomy":"category","embeddable":true,"href":"https:\/\/sinasefesertaope.com\/site\/wp-json\/wp\/v2\/categories?post=2728"},{"taxonomy":"post_tag","embeddable":true,"href":"https:\/\/sinasefesertaope.com\/site\/wp-json\/wp\/v2\/tags?post=2728"}],"curies":[{"name":"wp","href":"https:\/\/api.w.org\/{rel}","templated":true}]}}